{"id":14868,"date":"2019-06-14T15:34:00","date_gmt":"2019-06-14T15:34:00","guid":{"rendered":"https:\/\/sunrail.com\/?p=14868"},"modified":"2024-04-16T17:40:21","modified_gmt":"2024-04-16T21:40:21","slug":"sunrail-offering-additional-evening-service-tuesday-june-18","status":"publish","type":"post","link":"https:\/\/sunrail.com\/es\/agency-information\/press-releases\/sunrail-offering-additional-evening-service-tuesday-june-18\/","title":{"rendered":"SunRail ofrece servicio nocturno adicional el martes 18 de junio"},"content":{"rendered":"<p>Orlando, Florida<strong> \u2013&nbsp;<\/strong>El Departamento de Transporte de Florida anuncia un servicio adicional de SunRail por la noche el martes 18 de junio de 2019 mientras el presidente Donald Trump realiza un evento en el Amway Center en el centro de Orlando. SunRail operar\u00e1 su horario de servicio normal hasta las 10:00 pm. A partir de las 10:00 pm, SunRail operar\u00e1 tres trenes en direcci\u00f3n norte y tres en direcci\u00f3n sur, saliendo exclusivamente de la estaci\u00f3n Church Street. Despu\u00e9s de salir de la estaci\u00f3n Church Street, los trenes dejar\u00e1n el servicio \u00fanicamente en todas las estaciones, lo que significa que las paradas en las estaciones estar\u00e1n limitadas \u00fanicamente a los pasajeros que salgan del tren en sus destinos finales. Los trenes no recoger\u00e1n pasajeros adicionales en el camino. El horario del tren nocturno es el siguiente:<\/p>\n\n\n\n<p>Plataforma de la estaci\u00f3n Church Street en direcci\u00f3n norte (al norte de South Street):<\/p>\n\n\n\n<ul class=\"wp-block-list\">\n<li>22:15<\/li>\n\n\n\n<li>10:30 p.m<\/li>\n\n\n\n<li>22:45<\/li>\n\n\n\n<li>La estaci\u00f3n para en: LYNX Central, AdventHealth, Winter Park, Maitland, Altamonte Springs, Longwood, Lake Mary, Sanford, DeBary<\/li>\n<\/ul>\n\n\n\n<p>Plataforma de la estaci\u00f3n Church Street en direcci\u00f3n sur (al sur de South Street):<\/p>\n\n\n\n<ul class=\"wp-block-list\">\n<li>10:00 pm<\/li>\n\n\n\n<li>22:15<\/li>\n\n\n\n<li>22:45<\/li>\n\n\n\n<li>Las estaciones paran en: Orlando Health\/Amtrak, Sand Lake Road, Meadow Woods, Tupperware, Kissimmee\/Amtrak, Poinciana<\/li>\n<\/ul>\n\n\n\n<p>SunRail anticipa un volumen mayor de lo normal en todos los trenes durante todo el d\u00eda. Para garantizar la seguridad, SunRail se reserva el derecho de limitar el almacenamiento a bordo de bicicletas y cochecitos durante eventos especiales o momentos en que los trenes est\u00e9n llenos de gente. Habr\u00e1 personal adicional disponible para brindar asistencia. Es posible que las conexiones de autob\u00fas no est\u00e9n disponibles durante los horarios de servicio adicionales. por favor, compruebe&nbsp;<a href=\"https:\/\/www.golynx.com\/\" target=\"_blank\" rel=\"noreferrer noopener\">https:\/\/www.golynx.com\/<\/a>.<\/p>\n\n\n\n<p>Tenga cuidado con los trenes, los cruces de ferrocarril y en los andenes de las estaciones. Se inteligente. Estar a salvo. Para obtener m\u00e1s informaci\u00f3n sobre SunRail, incluidas tarifas, horarios y ubicaciones de las estaciones, visite&nbsp;<a href=\"https:\/\/sunrail.com\/es\/\" target=\"_blank\" rel=\"noreferrer noopener\">www.sunrail.com<\/a>&nbsp;o descargue la nueva aplicaci\u00f3n SunRail.<\/p>\n\n\n\n<p><a href=\"https:\/\/www.fdot.gov\/\" target=\"_blank\" rel=\"noreferrer noopener\">www.fdot.gov<\/a><\/p>\n\n\n\n<p><\/p>\n\n\n\n<div class=\"wp-block-buttons is-layout-flex wp-block-buttons-is-layout-flex\">\n<div class=\"wp-block-button download is-style-outline is-style-outline--1\"><a class=\"wp-block-button__link wp-element-button\" href=\"https:\/\/sunrail.com\/wp-content\/uploads\/2019\/06\/SunRail-Offering-Additional-Evening-Service-Tuesday-June-181.pdf\" target=\"_blank\" rel=\"noreferrer noopener\">Descargar PDF<\/a><\/div>\n<\/div>","protected":false},"excerpt":{"rendered":"<p>Orlando, Florida \u2013 El Departamento de Transporte de Florida anuncia un servicio adicional de SunRail por la tarde el martes 18 de junio de 2019, durante un evento del presidente Donald Trump en el Amway Center del centro de Orlando. SunRail operar\u00e1 con su horario habitual hasta las 22:00 h. A partir de las 22:00 h, SunRail operar\u00e1 tres trenes en direcci\u00f3n norte y tres en direcci\u00f3n sur\u2026<\/p>","protected":false},"author":7,"featured_media":0,"comment_status":"closed","ping_status":"closed","sticky":false,"template":"","format":"standard","meta":{"_acf_changed":false,"footnotes":""},"categories":[111,116],"tags":[],"class_list":{"2":"type-post"},"acf":[],"yoast_head":"<!-- This site is optimized with the Yoast SEO plugin v27.2 - https:\/\/yoast.com\/product\/yoast-seo-wordpress\/ -->\n<title>SunRail Offering Additional Evening Service Tuesday, June 18 - SunRail<\/title>\n<meta name=\"robots\" content=\"index, follow, max-snippet:-1, max-image-preview:large, max-video-preview:-1\" \/>\n<link rel=\"canonical\" href=\"https:\/\/sunrail.com\/es\/agency-information\/press-releases\/sunrail-offering-additional-evening-service-tuesday-june-18\/\" \/>\n<meta property=\"og:locale\" content=\"es_ES\" \/>\n<meta property=\"og:type\" content=\"article\" \/>\n<meta property=\"og:title\" content=\"SunRail Offering Additional Evening Service Tuesday, June 18 - SunRail\" \/>\n<meta property=\"og:description\" content=\"Orlando, Fla \u2013&nbsp;The Florida Department of Transportation is announcing additional evening SunRail service on Tuesday, June 18, 2019 as President Donald Trump holds an event at the Amway Center in downtown Orlando. SunRail will operate its normal service schedule until 10:00 p.m. Beginning at 10:00 p.m., SunRail will operate three northbound and three southbound trains&hellip;\" \/>\n<meta property=\"og:url\" content=\"https:\/\/sunrail.com\/es\/agency-information\/press-releases\/sunrail-offering-additional-evening-service-tuesday-june-18\/\" \/>\n<meta property=\"og:site_name\" content=\"SunRail\" \/>\n<meta property=\"article:publisher\" content=\"https:\/\/www.facebook.com\/RideSunRail\" \/>\n<meta property=\"article:published_time\" content=\"2019-06-14T15:34:00+00:00\" \/>\n<meta property=\"article:modified_time\" content=\"2024-04-16T21:40:21+00:00\" \/>\n<meta name=\"author\" content=\"Laura Arja\" \/>\n<meta name=\"twitter:card\" content=\"summary_large_image\" \/>\n<meta name=\"twitter:creator\" content=\"@ridesunrail\" \/>\n<meta name=\"twitter:site\" content=\"@ridesunrail\" \/>\n<meta name=\"twitter:label1\" content=\"Written by\" \/>\n\t<meta name=\"twitter:data1\" content=\"Laura Arja\" \/>\n\t<meta name=\"twitter:label2\" content=\"Est. reading time\" \/>\n\t<meta name=\"twitter:data2\" content=\"2 minutes\" \/>\n<script type=\"application\/ld+json\" class=\"yoast-schema-graph\">{\"@context\":\"https:\/\/schema.org\",\"@graph\":[{\"@type\":\"Article\",\"@id\":\"https:\/\/sunrail.com\/agency-information\/press-releases\/sunrail-offering-additional-evening-service-tuesday-june-18\/#article\",\"isPartOf\":{\"@id\":\"https:\/\/sunrail.com\/agency-information\/press-releases\/sunrail-offering-additional-evening-service-tuesday-june-18\/\"},\"author\":{\"name\":\"Laura Arja\",\"@id\":\"https:\/\/sunrail.com\/#\/schema\/person\/212c9b2c2d6945018e473cfc36edb8bd\"},\"headline\":\"SunRail Offering Additional Evening Service Tuesday, June 18\",\"datePublished\":\"2019-06-14T15:34:00+00:00\",\"dateModified\":\"2024-04-16T21:40:21+00:00\",\"mainEntityOfPage\":{\"@id\":\"https:\/\/sunrail.com\/agency-information\/press-releases\/sunrail-offering-additional-evening-service-tuesday-june-18\/\"},\"wordCount\":285,\"publisher\":{\"@id\":\"https:\/\/sunrail.com\/#organization\"},\"articleSection\":[\"Events\",\"Riding on SunRail\"],\"inLanguage\":\"es-CO\"},{\"@type\":\"WebPage\",\"@id\":\"https:\/\/sunrail.com\/agency-information\/press-releases\/sunrail-offering-additional-evening-service-tuesday-june-18\/\",\"url\":\"https:\/\/sunrail.com\/agency-information\/press-releases\/sunrail-offering-additional-evening-service-tuesday-june-18\/\",\"name\":\"SunRail Offering Additional Evening Service Tuesday, June 18 - SunRail\",\"isPartOf\":{\"@id\":\"https:\/\/sunrail.com\/#website\"},\"datePublished\":\"2019-06-14T15:34:00+00:00\",\"dateModified\":\"2024-04-16T21:40:21+00:00\",\"breadcrumb\":{\"@id\":\"https:\/\/sunrail.com\/agency-information\/press-releases\/sunrail-offering-additional-evening-service-tuesday-june-18\/#breadcrumb\"},\"inLanguage\":\"es-CO\",\"potentialAction\":[{\"@type\":\"ReadAction\",\"target\":[\"https:\/\/sunrail.com\/agency-information\/press-releases\/sunrail-offering-additional-evening-service-tuesday-june-18\/\"]}]},{\"@type\":\"BreadcrumbList\",\"@id\":\"https:\/\/sunrail.com\/agency-information\/press-releases\/sunrail-offering-additional-evening-service-tuesday-june-18\/#breadcrumb\",\"itemListElement\":[{\"@type\":\"ListItem\",\"position\":1,\"name\":\"Home\",\"item\":\"https:\/\/sunrail.com\/\"},{\"@type\":\"ListItem\",\"position\":2,\"name\":\"SunRail Offering Additional Evening Service Tuesday, June 18\"}]},{\"@type\":\"WebSite\",\"@id\":\"https:\/\/sunrail.com\/#website\",\"url\":\"https:\/\/sunrail.com\/\",\"name\":\"SunRail\",\"description\":\"Connecting Communities\",\"publisher\":{\"@id\":\"https:\/\/sunrail.com\/#organization\"},\"potentialAction\":[{\"@type\":\"SearchAction\",\"target\":{\"@type\":\"EntryPoint\",\"urlTemplate\":\"https:\/\/sunrail.com\/?s={search_term_string}\"},\"query-input\":{\"@type\":\"PropertyValueSpecification\",\"valueRequired\":true,\"valueName\":\"search_term_string\"}}],\"inLanguage\":\"es-CO\"},{\"@type\":\"Organization\",\"@id\":\"https:\/\/sunrail.com\/#organization\",\"name\":\"SunRail\",\"url\":\"https:\/\/sunrail.com\/\",\"logo\":{\"@type\":\"ImageObject\",\"inLanguage\":\"es-CO\",\"@id\":\"https:\/\/sunrail.com\/#\/schema\/logo\/image\/\",\"url\":\"https:\/\/sunrail.com\/wp-content\/uploads\/2015\/08\/sunrail-logo.jpg\",\"contentUrl\":\"https:\/\/sunrail.com\/wp-content\/uploads\/2015\/08\/sunrail-logo.jpg\",\"width\":289,\"height\":250,\"caption\":\"SunRail\"},\"image\":{\"@id\":\"https:\/\/sunrail.com\/#\/schema\/logo\/image\/\"},\"sameAs\":[\"https:\/\/www.facebook.com\/RideSunRail\",\"https:\/\/x.com\/ridesunrail\",\"https:\/\/instagram.com\/ridesunrail\/\",\"https:\/\/www.youtube.com\/user\/ridesunrail\"]},{\"@type\":\"Person\",\"@id\":\"https:\/\/sunrail.com\/#\/schema\/person\/212c9b2c2d6945018e473cfc36edb8bd\",\"name\":\"Laura Arja\",\"image\":{\"@type\":\"ImageObject\",\"inLanguage\":\"es-CO\",\"@id\":\"https:\/\/secure.gravatar.com\/avatar\/cf42529bd627fcd3accefced09f073162358536f14419712c692cbfef692297c?s=96&d=mm&r=g\",\"url\":\"https:\/\/secure.gravatar.com\/avatar\/cf42529bd627fcd3accefced09f073162358536f14419712c692cbfef692297c?s=96&d=mm&r=g\",\"contentUrl\":\"https:\/\/secure.gravatar.com\/avatar\/cf42529bd627fcd3accefced09f073162358536f14419712c692cbfef692297c?s=96&d=mm&r=g\",\"caption\":\"Laura Arja\"},\"url\":\"https:\/\/sunrail.com\/es\/agency-information\/press-releases\/author\/laura\/\"}]}<\/script>\n<!-- \/ Yoast SEO plugin. -->","yoast_head_json":{"title":"SunRail ofrecer\u00e1 servicio nocturno adicional el martes 18 de junio - SunRail","robots":{"index":"index","follow":"follow","max-snippet":"max-snippet:-1","max-image-preview":"max-image-preview:large","max-video-preview":"max-video-preview:-1"},"canonical":"https:\/\/sunrail.com\/es\/agency-information\/press-releases\/sunrail-offering-additional-evening-service-tuesday-june-18\/","og_locale":"es_ES","og_type":"article","og_title":"SunRail Offering Additional Evening Service Tuesday, June 18 - SunRail","og_description":"Orlando, Fla \u2013&nbsp;The Florida Department of Transportation is announcing additional evening SunRail service on Tuesday, June 18, 2019 as President Donald Trump holds an event at the Amway Center in downtown Orlando. SunRail will operate its normal service schedule until 10:00 p.m. Beginning at 10:00 p.m., SunRail will operate three northbound and three southbound trains&hellip;","og_url":"https:\/\/sunrail.com\/es\/agency-information\/press-releases\/sunrail-offering-additional-evening-service-tuesday-june-18\/","og_site_name":"SunRail","article_publisher":"https:\/\/www.facebook.com\/RideSunRail","article_published_time":"2019-06-14T15:34:00+00:00","article_modified_time":"2024-04-16T21:40:21+00:00","author":"Laura Arja","twitter_card":"summary_large_image","twitter_creator":"@ridesunrail","twitter_site":"@ridesunrail","twitter_misc":{"Written by":"Laura Arja","Est. reading time":"2 minutes"},"schema":{"@context":"https:\/\/schema.org","@graph":[{"@type":"Article","@id":"https:\/\/sunrail.com\/agency-information\/press-releases\/sunrail-offering-additional-evening-service-tuesday-june-18\/#article","isPartOf":{"@id":"https:\/\/sunrail.com\/agency-information\/press-releases\/sunrail-offering-additional-evening-service-tuesday-june-18\/"},"author":{"name":"Laura Arja","@id":"https:\/\/sunrail.com\/#\/schema\/person\/212c9b2c2d6945018e473cfc36edb8bd"},"headline":"SunRail Offering Additional Evening Service Tuesday, June 18","datePublished":"2019-06-14T15:34:00+00:00","dateModified":"2024-04-16T21:40:21+00:00","mainEntityOfPage":{"@id":"https:\/\/sunrail.com\/agency-information\/press-releases\/sunrail-offering-additional-evening-service-tuesday-june-18\/"},"wordCount":285,"publisher":{"@id":"https:\/\/sunrail.com\/#organization"},"articleSection":["Events","Riding on SunRail"],"inLanguage":"es-CO"},{"@type":"WebPage","@id":"https:\/\/sunrail.com\/agency-information\/press-releases\/sunrail-offering-additional-evening-service-tuesday-june-18\/","url":"https:\/\/sunrail.com\/agency-information\/press-releases\/sunrail-offering-additional-evening-service-tuesday-june-18\/","name":"SunRail ofrecer\u00e1 servicio nocturno adicional el martes 18 de junio - SunRail","isPartOf":{"@id":"https:\/\/sunrail.com\/#website"},"datePublished":"2019-06-14T15:34:00+00:00","dateModified":"2024-04-16T21:40:21+00:00","breadcrumb":{"@id":"https:\/\/sunrail.com\/agency-information\/press-releases\/sunrail-offering-additional-evening-service-tuesday-june-18\/#breadcrumb"},"inLanguage":"es-CO","potentialAction":[{"@type":"ReadAction","target":["https:\/\/sunrail.com\/agency-information\/press-releases\/sunrail-offering-additional-evening-service-tuesday-june-18\/"]}]},{"@type":"BreadcrumbList","@id":"https:\/\/sunrail.com\/agency-information\/press-releases\/sunrail-offering-additional-evening-service-tuesday-june-18\/#breadcrumb","itemListElement":[{"@type":"ListItem","position":1,"name":"Home","item":"https:\/\/sunrail.com\/"},{"@type":"ListItem","position":2,"name":"SunRail Offering Additional Evening Service Tuesday, June 18"}]},{"@type":"WebSite","@id":"https:\/\/sunrail.com\/#website","url":"https:\/\/sunrail.com\/","name":"SunRail","description":"Conectando comunidades","publisher":{"@id":"https:\/\/sunrail.com\/#organization"},"potentialAction":[{"@type":"SearchAction","target":{"@type":"EntryPoint","urlTemplate":"https:\/\/sunrail.com\/?s={search_term_string}"},"query-input":{"@type":"PropertyValueSpecification","valueRequired":true,"valueName":"search_term_string"}}],"inLanguage":"es-CO"},{"@type":"Organization","@id":"https:\/\/sunrail.com\/#organization","name":"SunRail","url":"https:\/\/sunrail.com\/","logo":{"@type":"ImageObject","inLanguage":"es-CO","@id":"https:\/\/sunrail.com\/#\/schema\/logo\/image\/","url":"https:\/\/sunrail.com\/wp-content\/uploads\/2015\/08\/sunrail-logo.jpg","contentUrl":"https:\/\/sunrail.com\/wp-content\/uploads\/2015\/08\/sunrail-logo.jpg","width":289,"height":250,"caption":"SunRail"},"image":{"@id":"https:\/\/sunrail.com\/#\/schema\/logo\/image\/"},"sameAs":["https:\/\/www.facebook.com\/RideSunRail","https:\/\/x.com\/ridesunrail","https:\/\/instagram.com\/ridesunrail\/","https:\/\/www.youtube.com\/user\/ridesunrail"]},{"@type":"Person","@id":"https:\/\/sunrail.com\/#\/schema\/person\/212c9b2c2d6945018e473cfc36edb8bd","name":"Laura Arja","image":{"@type":"ImageObject","inLanguage":"es-CO","@id":"https:\/\/secure.gravatar.com\/avatar\/cf42529bd627fcd3accefced09f073162358536f14419712c692cbfef692297c?s=96&d=mm&r=g","url":"https:\/\/secure.gravatar.com\/avatar\/cf42529bd627fcd3accefced09f073162358536f14419712c692cbfef692297c?s=96&d=mm&r=g","contentUrl":"https:\/\/secure.gravatar.com\/avatar\/cf42529bd627fcd3accefced09f073162358536f14419712c692cbfef692297c?s=96&d=mm&r=g","caption":"Laura Arja"},"url":"https:\/\/sunrail.com\/es\/agency-information\/press-releases\/author\/laura\/"}]}},"_links":{"self":[{"href":"https:\/\/sunrail.com\/es\/wp-json\/wp\/v2\/posts\/14868","targetHints":{"allow":["GET"]}}],"collection":[{"href":"https:\/\/sunrail.com\/es\/wp-json\/wp\/v2\/posts"}],"about":[{"href":"https:\/\/sunrail.com\/es\/wp-json\/wp\/v2\/types\/post"}],"author":[{"embeddable":true,"href":"https:\/\/sunrail.com\/es\/wp-json\/wp\/v2\/users\/7"}],"replies":[{"embeddable":true,"href":"https:\/\/sunrail.com\/es\/wp-json\/wp\/v2\/comments?post=14868"}],"version-history":[{"count":0,"href":"https:\/\/sunrail.com\/es\/wp-json\/wp\/v2\/posts\/14868\/revisions"}],"wp:attachment":[{"href":"https:\/\/sunrail.com\/es\/wp-json\/wp\/v2\/media?parent=14868"}],"wp:term":[{"taxonomy":"category","embeddable":true,"href":"https:\/\/sunrail.com\/es\/wp-json\/wp\/v2\/categories?post=14868"},{"taxonomy":"post_tag","embeddable":true,"href":"https:\/\/sunrail.com\/es\/wp-json\/wp\/v2\/tags?post=14868"}],"curies":[{"name":"wp","href":"https:\/\/api.w.org\/{rel}","templated":true}]}}